{"id":30036,"date":"2023-08-07T18:22:18","date_gmt":"2023-08-07T16:22:18","guid":{"rendered":"https:\/\/newsocialinitiative.org\/?p=30036"},"modified":"2023-11-29T12:51:20","modified_gmt":"2023-11-29T11:51:20","slug":"suociti-se-s-prosloscu-opstati-u-sadasnjosti-polozaj-i-potrebe-civilnih-zrtava-rata-u-srbiji-na-kosovu-i-u-severnoj-makedoniji","status":"publish","type":"post","link":"https:\/\/newsocialinitiative.org\/sr\/suociti-se-s-prosloscu-opstati-u-sadasnjosti-polozaj-i-potrebe-civilnih-zrtava-rata-u-srbiji-na-kosovu-i-u-severnoj-makedoniji\/","title":{"rendered":"Suo\u010diti se s pro\u0161lo\u0161\u0107u, opstati u sada\u0161njosti: Polo\u017eaj i potrebe civilnih \u017ertava rata u Srbiji, na Kosovu i u Severnoj Makedoniji"},"content":{"rendered":"\n<p>Zapadni Balkan se i dalje bori sa posledicama ratova koji su vo\u0111eni izme\u0111u 1990. i 2001. I dok su se ratom pogo\u0111ene zemlje razvile ekonomski i u pogledu izgradnje institucija i generalne stabilnosti, suo\u010davanje s nasle\u0111em sukoba nije se odigralo na delotvoran na\u010din i ono i dalje uti\u010de na dru\u0161tvene odnose i oblikuje ih izme\u0111u razli\u010ditih etni\u010dkih grupa. Ove inherentne dru\u0161tvene tenzije utkane su u tkivo dru\u0161tva Zapadnog Balkana i predstavljaju klju\u010dni faktor regionalne politike. U tom smislu, iako se Zapadni Balkan odmakao od perioda nasilja, njegove zemlje se i dalje nisu transformisale u miroljubiva dru\u0161tva. Pored dobrog na\u010dina upravljanja i ekonomskog razvoja, transformacija ovih zemalja u demokratska i miroljubiva dru\u0161tva predstavlja va\u017ean element u ostvarivanju njihovih te\u017enji da postanu \u010dlanice Evropske unije (EU). Eksplicitni cilj politike pridru\u017eivanja Evropske unije za Zapadni Balkan je u\u010dvr\u0161\u0107ivanje mira kroz ponovno uspostavljanje poverenja me\u0111u gra\u0111anima i dru\u0161tvima, omogu\u0107avanje pomirenja i dobrih susedskih odnosa, kao i garantovanje trajne stabilnosti.<\/p>\n","protected":false},"excerpt":{"rendered":"<p>Zapadni Balkan se i dalje bori sa posledicama ratova koji su vo\u0111eni izme\u0111u 1990. i 2001. I dok su se ratom pogo\u0111ene zemlje razvile ekonomski i u pogledu izgradnje institucija i generalne stabilnosti, suo\u010davanje s nasle\u0111em sukoba nije se odigralo na delotvoran na\u010din i ono&#8230;<\/p>\n","protected":false},"author":3,"featured_media":30040,"comment_status":"open","ping_status":"open","sticky":false,"template":"","format":"standard","meta":{"footnotes":"","_links_to":"","_links_to_target":""},"categories":[130],"tags":[],"class_list":["post-30036","post","type-post","status-publish","format-standard","has-post-thumbnail","hentry","category-publikacije"],"acf":[],"_links":{"self":[{"href":"https:\/\/newsocialinitiative.org\/sr\/wp-json\/wp\/v2\/posts\/30036","targetHints":{"allow":["GET"]}}],"collection":[{"href":"https:\/\/newsocialinitiative.org\/sr\/wp-json\/wp\/v2\/posts"}],"about":[{"href":"https:\/\/newsocialinitiative.org\/sr\/wp-json\/wp\/v2\/types\/post"}],"author":[{"embeddable":true,"href":"https:\/\/newsocialinitiative.org\/sr\/wp-json\/wp\/v2\/users\/3"}],"replies":[{"embeddable":true,"href":"https:\/\/newsocialinitiative.org\/sr\/wp-json\/wp\/v2\/comments?post=30036"}],"version-history":[{"count":6,"href":"https:\/\/newsocialinitiative.org\/sr\/wp-json\/wp\/v2\/posts\/30036\/revisions"}],"predecessor-version":[{"id":33004,"href":"https:\/\/newsocialinitiative.org\/sr\/wp-json\/wp\/v2\/posts\/30036\/revisions\/33004"}],"wp:featuredmedia":[{"embeddable":true,"href":"https:\/\/newsocialinitiative.org\/sr\/wp-json\/wp\/v2\/media\/30040"}],"wp:attachment":[{"href":"https:\/\/newsocialinitiative.org\/sr\/wp-json\/wp\/v2\/media?parent=30036"}],"wp:term":[{"taxonomy":"category","embeddable":true,"href":"https:\/\/newsocialinitiative.org\/sr\/wp-json\/wp\/v2\/categories?post=30036"},{"taxonomy":"post_tag","embeddable":true,"href":"https:\/\/newsocialinitiative.org\/sr\/wp-json\/wp\/v2\/tags?post=30036"}],"curies":[{"name":"wp","href":"https:\/\/api.w.org\/{rel}","templated":true}]}}