{"id":25036,"date":"2019-10-16T19:44:00","date_gmt":"2019-10-16T17:44:00","guid":{"rendered":"https:\/\/newsocialinitiative.org\/da-li-je-vasa-opstina-zaista-vasa-procena-uskladjenosti-lokalnih-samouprava-sa-principima-ucestvovanja-gradjana-u-donosenju-odluka-na-severu-kosova\/"},"modified":"2022-06-23T10:52:23","modified_gmt":"2022-06-23T08:52:23","slug":"da-li-je-vasa-opstina-zaista-vasa-procena-uskladjenosti-lokalnih-samouprava-sa-principima-ucestvovanja-gradjana-u-donosenju-odluka-na-severu-kosova","status":"publish","type":"post","link":"https:\/\/newsocialinitiative.org\/sr\/da-li-je-vasa-opstina-zaista-vasa-procena-uskladjenosti-lokalnih-samouprava-sa-principima-ucestvovanja-gradjana-u-donosenju-odluka-na-severu-kosova\/","title":{"rendered":"Da li je va\u0161a op\u0161tina zaista va\u0161a? Procena uskladjenosti lokalnih samouprava sa principima u\u010destvovanja gradjana u dono\u0161enju odluka na severu Kosova"},"content":{"rendered":"\n<h2 class=\"wp-block-heading\">Da li je va\u0161a op\u0161tina zaista va\u0161a? Procena uskladjenosti lokalnih samouprava sa principima u\u010destvovanja gradjana u dono\u0161enju odluka na severu Kosova<\/h2>\n\n\n\n<p>Ovaj izve\u0161taj razmatra trenutne okolnosti i izazove,  fokusirajuci se na u\u010de\u0161\u0107e gradjana u procesima dono\u0161enja odluka kao jedan od glavnih uslova za delotvorno demokratsko upravaljanje i jedan od preduslova za jacanje polo\u017eaja lokalnih samouprava u \u010detiri op\u0161tine na severu Kosova. Na osnovu toga, izve\u0161taj razmatra mogu\u0107nosti za pobolj\u0161anja koja imaju za cilj da poslu\u017ee kao smernice za dalji razvoj postoje\u0107ih i uspostavljanje novih praksi.<\/p>\n","protected":false},"excerpt":{"rendered":"<p>Da li je va\u0161a op\u0161tina zaista va\u0161a? Procena uskladjenosti lokalnih samouprava sa principima u\u010destvovanja gradjana u dono\u0161enju odluka na severu Kosova Ovaj izve\u0161taj razmatra trenutne okolnosti i izazove, fokusirajuci se na u\u010de\u0161\u0107e gradjana u procesima dono\u0161enja odluka kao jedan od glavnih uslova za delotvorno demokratsko&#8230;<\/p>\n","protected":false},"author":2,"featured_media":25041,"comment_status":"open","ping_status":"open","sticky":false,"template":"","format":"standard","meta":{"footnotes":"","_links_to":"","_links_to_target":""},"categories":[130],"tags":[],"class_list":["post-25036","post","type-post","status-publish","format-standard","has-post-thumbnail","hentry","category-publikacije"],"acf":[],"_links":{"self":[{"href":"https:\/\/newsocialinitiative.org\/sr\/wp-json\/wp\/v2\/posts\/25036","targetHints":{"allow":["GET"]}}],"collection":[{"href":"https:\/\/newsocialinitiative.org\/sr\/wp-json\/wp\/v2\/posts"}],"about":[{"href":"https:\/\/newsocialinitiative.org\/sr\/wp-json\/wp\/v2\/types\/post"}],"author":[{"embeddable":true,"href":"https:\/\/newsocialinitiative.org\/sr\/wp-json\/wp\/v2\/users\/2"}],"replies":[{"embeddable":true,"href":"https:\/\/newsocialinitiative.org\/sr\/wp-json\/wp\/v2\/comments?post=25036"}],"version-history":[{"count":0,"href":"https:\/\/newsocialinitiative.org\/sr\/wp-json\/wp\/v2\/posts\/25036\/revisions"}],"wp:featuredmedia":[{"embeddable":true,"href":"https:\/\/newsocialinitiative.org\/sr\/wp-json\/wp\/v2\/media\/25041"}],"wp:attachment":[{"href":"https:\/\/newsocialinitiative.org\/sr\/wp-json\/wp\/v2\/media?parent=25036"}],"wp:term":[{"taxonomy":"category","embeddable":true,"href":"https:\/\/newsocialinitiative.org\/sr\/wp-json\/wp\/v2\/categories?post=25036"},{"taxonomy":"post_tag","embeddable":true,"href":"https:\/\/newsocialinitiative.org\/sr\/wp-json\/wp\/v2\/tags?post=25036"}],"curies":[{"name":"wp","href":"https:\/\/api.w.org\/{rel}","templated":true}]}}