{"id":24983,"date":"2020-02-25T17:20:00","date_gmt":"2020-02-25T16:20:00","guid":{"rendered":"https:\/\/newsocialinitiative.org\/istrazivanje-o-percepcijama-javnosti-i-javni-dijalog-o-buducoj-komisiji-za-istinu-i-pomirenje-kip-na-kosovu\/"},"modified":"2022-06-23T10:47:26","modified_gmt":"2022-06-23T08:47:26","slug":"istrazivanje-o-percepcijama-javnosti-i-javni-dijalog-o-buducoj-komisiji-za-istinu-i-pomirenje-kip-na-kosovu","status":"publish","type":"post","link":"https:\/\/newsocialinitiative.org\/sr\/istrazivanje-o-percepcijama-javnosti-i-javni-dijalog-o-buducoj-komisiji-za-istinu-i-pomirenje-kip-na-kosovu\/","title":{"rendered":"Istra\u017eivanje o percepcijama javnosti i javni dijalog o buduc\u0301oj komisiji za istinu i pomirenje (KIP) na Kosovu"},"content":{"rendered":"\n<h2 class=\"wp-block-heading\">Istra\u017eivanje o percepcijama javnosti i javni dijalog o buduc\u0301oj komisiji za istinu i pomirenje (KIP) na Kosovu<\/h2>\n\n\n\n<p>Ovo istra\u017eivanje je rezultat projekta\/aktivnosti \u201eIstra\u017eivanje o percepcijama javnosti i javni dijalog o buduc\u0301oj komisiji za istinu i pomirenje (KIP) na Kosovu\u201c koje finansira Federalno ministarstvo spoljnih poslova \u0160vajcarske. NVO INTEGRA je odgovorna za sadr\u017eaj i rezultate ovog istra\u017eivanja i ni pod kojim uslovima se ne mo\u017ee smatrati da ovo istra\u017eivanje odra\u017eava stavove Federalnog ministarstva spoljnih poslova \u0160vajcarske.<\/p>\n","protected":false},"excerpt":{"rendered":"<p>Istra\u017eivanje o percepcijama javnosti i javni dijalog o buduc\u0301oj komisiji za istinu i pomirenje (KIP) na Kosovu Ovo istra\u017eivanje je rezultat projekta\/aktivnosti \u201eIstra\u017eivanje o percepcijama javnosti i javni dijalog o buduc\u0301oj komisiji za istinu i pomirenje (KIP) na Kosovu\u201c koje finansira Federalno ministarstvo spoljnih poslova&#8230;<\/p>\n","protected":false},"author":2,"featured_media":24988,"comment_status":"open","ping_status":"open","sticky":false,"template":"","format":"standard","meta":{"footnotes":"","_links_to":"","_links_to_target":""},"categories":[130],"tags":[],"class_list":["post-24983","post","type-post","status-publish","format-standard","has-post-thumbnail","hentry","category-publikacije"],"acf":[],"_links":{"self":[{"href":"https:\/\/newsocialinitiative.org\/sr\/wp-json\/wp\/v2\/posts\/24983","targetHints":{"allow":["GET"]}}],"collection":[{"href":"https:\/\/newsocialinitiative.org\/sr\/wp-json\/wp\/v2\/posts"}],"about":[{"href":"https:\/\/newsocialinitiative.org\/sr\/wp-json\/wp\/v2\/types\/post"}],"author":[{"embeddable":true,"href":"https:\/\/newsocialinitiative.org\/sr\/wp-json\/wp\/v2\/users\/2"}],"replies":[{"embeddable":true,"href":"https:\/\/newsocialinitiative.org\/sr\/wp-json\/wp\/v2\/comments?post=24983"}],"version-history":[{"count":0,"href":"https:\/\/newsocialinitiative.org\/sr\/wp-json\/wp\/v2\/posts\/24983\/revisions"}],"wp:featuredmedia":[{"embeddable":true,"href":"https:\/\/newsocialinitiative.org\/sr\/wp-json\/wp\/v2\/media\/24988"}],"wp:attachment":[{"href":"https:\/\/newsocialinitiative.org\/sr\/wp-json\/wp\/v2\/media?parent=24983"}],"wp:term":[{"taxonomy":"category","embeddable":true,"href":"https:\/\/newsocialinitiative.org\/sr\/wp-json\/wp\/v2\/categories?post=24983"},{"taxonomy":"post_tag","embeddable":true,"href":"https:\/\/newsocialinitiative.org\/sr\/wp-json\/wp\/v2\/tags?post=24983"}],"curies":[{"name":"wp","href":"https:\/\/api.w.org\/{rel}","templated":true}]}}