{"id":25488,"date":"2020-10-26T13:56:00","date_gmt":"2020-10-26T12:56:00","guid":{"rendered":"https:\/\/newsocialinitiative.org\/news\/debata-tranziciona-pravda-na-kosovu-danas-na-festivalu-miredita-dobar-dan\/"},"modified":"2022-06-07T13:28:30","modified_gmt":"2022-06-07T11:28:30","slug":"debata-tranziciona-pravda-na-kosovu-danas-na-festivalu-miredita-dobar-dan","status":"publish","type":"news","link":"https:\/\/newsocialinitiative.org\/sr\/news\/debata-tranziciona-pravda-na-kosovu-danas-na-festivalu-miredita-dobar-dan\/","title":{"rendered":"Debata \u201cTranziciona pravda na Kosovu danas\u201d na festivalu Mir\u00ebdita, dobar dan"},"content":{"rendered":"\n<div class=\"wp-block-columns is-layout-flex wp-container-core-columns-is-layout-9d6595d7 wp-block-columns-is-layout-flex\">\n<div class=\"wp-block-column is-layout-flow wp-block-column-is-layout-flow\" style=\"flex-basis:100%\"><div class=\"wp-block-image wp-image-24434 size-full\">\n<figure class=\"aligncenter\"><img decoding=\"async\" width=\"800\" height=\"500\" src=\"https:\/\/newsocialinitiative.org\/wp-content\/uploads\/2022\/05\/Debate-Transitional-Justice-in-Kosovo-Today-at-the-Miredita-dobar-dan-festival.jpg\" alt=\"\" class=\"wp-image-24434\" srcset=\"https:\/\/newsocialinitiative.org\/wp-content\/uploads\/2022\/05\/Debate-Transitional-Justice-in-Kosovo-Today-at-the-Miredita-dobar-dan-festival.jpg 800w, https:\/\/newsocialinitiative.org\/wp-content\/uploads\/2022\/05\/Debate-Transitional-Justice-in-Kosovo-Today-at-the-Miredita-dobar-dan-festival-300x188.jpg 300w, https:\/\/newsocialinitiative.org\/wp-content\/uploads\/2022\/05\/Debate-Transitional-Justice-in-Kosovo-Today-at-the-Miredita-dobar-dan-festival-768x480.jpg 768w\" sizes=\"(max-width: 800px) 100vw, 800px\" \/><figcaption>Debata \u201cTranziciona pravda na Kosovu danas\u201d na festivalu Mir\u00ebdita, dobar dan<\/figcaption><\/figure>\n<\/div>\n\n\n<h2 class=\"wp-block-heading\">24.10. od 18:00, Centar za kulturnu dekontaminaciju, Bir\u010daninova<\/h2>\n\n\n\n<div class=\"wpb_text_column wpb_content_element \">\r\n<div class=\"wpb_wrapper\">\r\n<p>Debata pod nazivom\u00a0<strong>\u201cTranziciona pravda na Kosovu danas\u201d<\/strong>\u00a0bazira se na publikaciji <a href=\"https:\/\/newsocialinitiative.org\/publications\/democratizing-transitional-justice\/\"><strong>\u00a0Demokratizacija tranzicione pravde: Ka promi\u0161ljenoj infrastrukturi za suo\u010davanje sa pro\u0161lo\u0161\u0107u na Kosovu<\/strong><\/a>\u00a0\u010diji su autori Gezim Visoka i Besart Ljumi, a izdava\u010di Integra, PAX i Nova dru\u0161tvena inicijativa..<\/p>\r\n<p><\/p>\r\n<p>Dvadeset jednu godinu nakon rata koji se na Kosovu vodio tokom 1998. i 1999. godine, kosovsko dru\u0161tvo se i dalje suo\u010dava sa svojom ratnom pro\u0161lo\u0161\u0107u. Nakon sukoba su pokretane mnoge inicijative okrenute ka ideji tranzicione pravde, premda uvek fragmentarne i side by side i kao takve mahom su bile neuspe\u0161ne u procesu razvoja kosovskog dru\u0161tva od njegove nasilne pro\u0161losti ka mirnoj budu\u0107nosti. Danas optu\u017enice koje je podiglo Specijalizovano tu\u017eila\u0161tvo Kosova vra\u0107aju uspomene i izazivaju nemir, a osnivanje budu\u0107e Komisije za istinu i pomirenje, koja bi potencijalno mogla dati celovit pogled na sukob, je i dalje neizvesno. Parcijalna priroda prethodnih napora na polju tranzicione pravde, kao i razo\u010darenja koja su usledila doprinose velikom nepoverenju u dru\u0161tvu koje postoji kako me\u0111u razli\u010ditim zajednicama, tako i izme\u0111u gra\u0111ana i vlasti.<\/p>\r\n<p><\/p>\r\n<p>Ovo istra\u017eivanje pokazuje da pristupi tranzicionoj pravdi koji su dolazili sa vrha ili od spolja\u0161njih izvora nisu bili od koristi i preporu\u010duje objedinjenu i promi\u0161ljenu infrastrukturu koja bi obezbedila legitimitet i efikasnost napora \u010diji je cilj suo\u010davanje sa pro\u0161lo\u0161\u0107u na Kosovu.<\/p>\r\n<\/div>\r\n<\/div>\r\n\n\n\n<div class=\"vc_empty_space\">\u00a0<\/div>\r\n\n\n\n<div>Me\u0111u u\u010desnicima bila je i izvr\u0161na direktorica Nove dru\u0161tvene inicijative Jovana Radosavljevi\u0107, zajedno sa Norom  Ahmetaj i Besartom Ljumijem.<\/div>\r\n<\/div>\n<\/div>\n","protected":false},"excerpt":{"rendered":"<p> 24.10. od 18:00, Centar za kulturnu dekontaminaciju, Bir\u010daninova Debata pod nazivom \u201cTranziciona pravda na Kosovu danas\u201d bazira se na publikaciji Demokratizacija tranzicione pravde: Ka promi\u0161ljenoj infrastrukturi za suo\u010davanje sa pro\u0161lo\u0161\u0107u\u2026 <\/p>\n","protected":false},"author":2,"featured_media":24436,"parent":0,"comment_status":"open","ping_status":"closed","template":"","meta":{"_links_to":"","_links_to_target":""},"categories":[],"class_list":["post-25488","news","type-news","status-publish","has-post-thumbnail","hentry"],"acf":[],"_links":{"self":[{"href":"https:\/\/newsocialinitiative.org\/sr\/wp-json\/wp\/v2\/news\/25488","targetHints":{"allow":["GET"]}}],"collection":[{"href":"https:\/\/newsocialinitiative.org\/sr\/wp-json\/wp\/v2\/news"}],"about":[{"href":"https:\/\/newsocialinitiative.org\/sr\/wp-json\/wp\/v2\/types\/news"}],"author":[{"embeddable":true,"href":"https:\/\/newsocialinitiative.org\/sr\/wp-json\/wp\/v2\/users\/2"}],"replies":[{"embeddable":true,"href":"https:\/\/newsocialinitiative.org\/sr\/wp-json\/wp\/v2\/comments?post=25488"}],"version-history":[{"count":0,"href":"https:\/\/newsocialinitiative.org\/sr\/wp-json\/wp\/v2\/news\/25488\/revisions"}],"wp:featuredmedia":[{"embeddable":true,"href":"https:\/\/newsocialinitiative.org\/sr\/wp-json\/wp\/v2\/media\/24436"}],"wp:attachment":[{"href":"https:\/\/newsocialinitiative.org\/sr\/wp-json\/wp\/v2\/media?parent=25488"}],"wp:term":[{"taxonomy":"category","embeddable":true,"href":"https:\/\/newsocialinitiative.org\/sr\/wp-json\/wp\/v2\/categories?post=25488"}],"curies":[{"name":"wp","href":"https:\/\/api.w.org\/{rel}","templated":true}]}}