{"id":25452,"date":"2021-04-21T12:03:00","date_gmt":"2021-04-21T10:03:00","guid":{"rendered":"https:\/\/newsocialinitiative.org\/news\/sacuvajmo-planetu-zemlju\/"},"modified":"2022-06-07T13:39:23","modified_gmt":"2022-06-07T11:39:23","slug":"sacuvajmo-planetu-zemlju","status":"publish","type":"news","link":"https:\/\/newsocialinitiative.org\/sr\/news\/sacuvajmo-planetu-zemlju\/","title":{"rendered":"Sa\u010duvajmo Planetu Zemlju"},"content":{"rendered":"\n<div class=\"wp-block-columns is-layout-flex wp-container-core-columns-is-layout-9d6595d7 wp-block-columns-is-layout-flex\">\n<div class=\"wp-block-column is-layout-flow wp-block-column-is-layout-flow\" style=\"flex-basis:100%\"><div class=\"wp-block-image\">\n<figure class=\"aligncenter\"><img decoding=\"async\" width=\"800\" height=\"500\" src=\"https:\/\/newsocialinitiative.org\/wp-content\/uploads\/2022\/05\/Lets-save-the-Planet.png\" alt=\"\" class=\"wp-image-24360\" srcset=\"https:\/\/newsocialinitiative.org\/wp-content\/uploads\/2022\/05\/Lets-save-the-Planet.png 800w, https:\/\/newsocialinitiative.org\/wp-content\/uploads\/2022\/05\/Lets-save-the-Planet-300x188.png 300w, https:\/\/newsocialinitiative.org\/wp-content\/uploads\/2022\/05\/Lets-save-the-Planet-768x480.png 768w\" sizes=\"(max-width: 800px) 100vw, 800px\" \/><\/figure>\n<\/div>\n\n\n<h2 class=\"wp-block-heading\">Sa\u010duvajmo Planetu Zemlju<\/h2>\n\n\n\n<p>Bli\u017ei se Dan planete Zemlje, koji se obele\u017eava 22-og aprila, s toga vas pozivamo da nam se pridru\u017eite da obele\u017eimo ovaj dan pod sloganom \u201eSa\u010duvaj planetu\u201c<\/p>\n\n\n\n<p>Obele\u017eavanje zapo\u010dinje danas, 19-og aprila, kao nedelja aktivizma povodom obele\u017eavanja Dana planete Zemlje.<\/p>\n\n\n\n<p>Obele\u017eavanje organizuje NVO CBM, sa partnerima Inicijativom mladih za ljudska prava Kosovo i Novom Dru\u0161tvenom inicijativom, u okviru projekta \u201ePomirenje i transformacija konflikta\u201c, koji podr\u017eava ameri\u010dki narod putem USAID-a na Kosovu.<\/p>\n\n\n\n<p>Naime, od ponedeljka do \u010detvrtka, svakoj op\u0161tinii bi\u0107e donirano 12 stabala drve\u0107a lipe, kao skorman doprinos ali bitno osvrtanje na va\u017enost pitanja o\u010duvanja \u017eivotne sredine, a mesto sadnje je isplanirano u dogovrou sa op\u0161tinama, kako bi se odredilo prikladno mesto.<\/p>\n\n\n\n<p>19 April \u2013 sadnja u Leposavi\u0107u i Zve\u010danu&#13;\n20 April \u2013 sadnja u Zubinom Potoku,&#13;\n&#13;\n21 April \u2013 sadnja u Vu\u010ditrnu i Srbici&#13;\n&#13;\n22 April \u2013 sadnja u ju\u017enoj i severnoj Mitrovici<\/p>\n\n\n\n<p>U \u010detvrtak 22-og aprila, kao zavr\u0161nica i ujedno obele\u017eavanje Dana planete Zemlje, bi\u0107e organizovana ceremonija na kojoj \u0107e u\u010destvovati panelisti:<\/p>\n\n\n\n<p>&#8211; g. Hysen Durmishi \u2013 zamenik ministra, ministartsvo za za\u0161titu \u017eivotne sredine i prostorno planiranje<\/p>\n\n\n\n<p>&#8211; g\u0111a Zorica Timotijevi\u0107 \u2013 ekspertkinja za ekologiju, za\u0161titu \u017eivotne sredine i prostorno planiranje, op\u0161tina Leposavi\u0107<\/p>\n\n\n\n<p>&#8211; g. Omar Siddique \u2013 \u0161ef kancelarije i glavni tehni\u010dji savetnik, UN Habitat Kosovo<\/p>\n\n\n\n<p>&#8211; g\u0111a. Mrika Nikqi \u2013 Aktivistkinja i najmla\u0111a \u017eena na svetu koja se popela na svih sedam vrhova najvi\u0161ih planina<\/p>\n\n\n\n<p>&#8211; g\u0111a. Jelena \u0110oki\u0107 \u2013 profesorka na odseku za za\u0161titu \u017eivotne, IBCM koled\u017e<\/p>\n\n\n\n<p>&#8211; g\u0111a. Albana Berisha \u2013 aktivistkinja, UN SDG \u0161ampion<\/p>\n\n\n\n<p>Prijavu za u\u010de\u0161\u0107e mo\u017eete popuniti putem linka:\u00a0<a class=\"oajrlxb2 g5ia77u1 qu0x051f esr5mh6w e9989ue4 r7d6kgcz rq0escxv nhd2j8a9 nc684nl6 p7hjln8o kvgmc6g5 cxmmr5t8 oygrvhab hcukyx3x jb3vyjys rz4wbd8a qt6c0cv9 a8nywdso i1ao9s8h esuyzwwr f1sip0of lzcic4wl py34i1dx gpro0wi8\" tabindex=\"0\" role=\"link\" href=\"https:\/\/cutt.ly\/avhMOel?fbclid=IwAR2-WaRzpMZ1xHvOV42KfUUwChcOqahvCkEywj2dIMHkQu5D3g-qkQ9_teY\" target=\"_blank\" rel=\"nofollow noopener\">https:\/\/cutt.ly\/avhMOel<\/a><\/p>\n<\/div>\n<\/div>\n","protected":false},"excerpt":{"rendered":"<p> Bli\u017ei se Dan planete Zemlje, koji se obele\u017eava 22-og aprila, s toga vas pozivamo da nam se pridru\u017eite da obele\u017eimo ovaj dan pod sloganom \u201eSa\u010duvaj planetu\u201c Obele\u017eavanje zapo\u010dinje danas, 19-og\u2026 <\/p>\n","protected":false},"author":2,"featured_media":24362,"parent":0,"comment_status":"open","ping_status":"closed","template":"","meta":{"_links_to":"","_links_to_target":""},"categories":[],"class_list":["post-25452","news","type-news","status-publish","has-post-thumbnail","hentry"],"acf":[],"_links":{"self":[{"href":"https:\/\/newsocialinitiative.org\/sr\/wp-json\/wp\/v2\/news\/25452","targetHints":{"allow":["GET"]}}],"collection":[{"href":"https:\/\/newsocialinitiative.org\/sr\/wp-json\/wp\/v2\/news"}],"about":[{"href":"https:\/\/newsocialinitiative.org\/sr\/wp-json\/wp\/v2\/types\/news"}],"author":[{"embeddable":true,"href":"https:\/\/newsocialinitiative.org\/sr\/wp-json\/wp\/v2\/users\/2"}],"replies":[{"embeddable":true,"href":"https:\/\/newsocialinitiative.org\/sr\/wp-json\/wp\/v2\/comments?post=25452"}],"version-history":[{"count":0,"href":"https:\/\/newsocialinitiative.org\/sr\/wp-json\/wp\/v2\/news\/25452\/revisions"}],"wp:featuredmedia":[{"embeddable":true,"href":"https:\/\/newsocialinitiative.org\/sr\/wp-json\/wp\/v2\/media\/24362"}],"wp:attachment":[{"href":"https:\/\/newsocialinitiative.org\/sr\/wp-json\/wp\/v2\/media?parent=25452"}],"wp:term":[{"taxonomy":"category","embeddable":true,"href":"https:\/\/newsocialinitiative.org\/sr\/wp-json\/wp\/v2\/categories?post=25452"}],"curies":[{"name":"wp","href":"https:\/\/api.w.org\/{rel}","templated":true}]}}