{"id":24764,"date":"2020-02-25T17:20:00","date_gmt":"2020-02-25T16:20:00","guid":{"rendered":"https:\/\/newsocialinitiative.org\/matja-e-perceptimit-publik-dhe-dialogu-publik-rreth-komisionit-te-ardhshem-per-te-verteten-dhe-pajtimin-kvp-ne-kosove\/"},"modified":"2022-06-23T09:59:36","modified_gmt":"2022-06-23T07:59:36","slug":"matja-e-perceptimit-publik-dhe-dialogu-publik-rreth-komisionit-te-ardhshem-per-te-verteten-dhe-pajtimin-kvp-ne-kosove","status":"publish","type":"post","link":"https:\/\/newsocialinitiative.org\/sq\/matja-e-perceptimit-publik-dhe-dialogu-publik-rreth-komisionit-te-ardhshem-per-te-verteten-dhe-pajtimin-kvp-ne-kosove\/","title":{"rendered":"Matja e perceptimit publik, dhe dialogu publik rreth Komisionit t\u00eb Ardhsh\u00ebm p\u00ebr t\u00eb V\u00ebrtet\u00ebn dhe Pajtimin (KVP) n\u00eb Kosov\u00eb"},"content":{"rendered":"\n<h2 class=\"wp-block-heading\">Matja e perceptimit publik, dhe dialogu publik rreth Komisionit t\u00eb Ardhsh\u00ebm p\u00ebr t\u00eb V\u00ebrtet\u00ebn dhe Pajtimin (KVP) n\u00eb Kosov\u00eb<\/h2>\n\n\n\n<p>Ky studim \u00ebsht\u00eb rezultat i projektit\/aktivitetit \u201cMatja e perceptimit publik, dhe dialogu publik rreth Komisionit t\u00eb Ardhsh\u00ebm p\u00ebr t\u00eb V\u00ebrtet\u00ebn dhe Pajtimin (KVP) n\u00eb Kosov\u00eb\u201d, financuar nga Departamenti Federal i Pun\u00ebve t\u00eb Jashtme i Zvicr\u00ebs. P\u00ebrmbajtja dhe rezultatet e k\u00ebtij studimi jan\u00eb p\u00ebrgjegj\u00ebsi e organizat\u00ebs INTEGRA dhe n\u00eb asnj\u00eb rrethan\u00eb nuk mund t\u00eb konsiderohet se p\u00ebrfaq\u00ebsojn\u00eb q\u00ebndrimet e Departamentit Federal t\u00eb Pun\u00ebve t\u00eb Jashtme t\u00eb Zvicr\u00ebs.<\/p>\n","protected":false},"excerpt":{"rendered":"<p>Matja e perceptimit publik, dhe dialogu publik rreth Komisionit t\u00eb Ardhsh\u00ebm p\u00ebr t\u00eb V\u00ebrtet\u00ebn dhe Pajtimin (KVP) n\u00eb Kosov\u00eb Ky studim \u00ebsht\u00eb rezultat i projektit\/aktivitetit \u201cMatja e perceptimit publik, dhe dialogu publik rreth Komisionit t\u00eb Ardhsh\u00ebm p\u00ebr t\u00eb V\u00ebrtet\u00ebn dhe Pajtimin (KVP) n\u00eb Kosov\u00eb\u201d, financuar&#8230;<\/p>\n","protected":false},"author":2,"featured_media":24769,"comment_status":"open","ping_status":"open","sticky":false,"template":"","format":"standard","meta":{"footnotes":"","_links_to":"","_links_to_target":""},"categories":[128],"tags":[],"class_list":["post-24764","post","type-post","status-publish","format-standard","has-post-thumbnail","hentry","category-publications-sq"],"acf":[],"_links":{"self":[{"href":"https:\/\/newsocialinitiative.org\/sq\/wp-json\/wp\/v2\/posts\/24764","targetHints":{"allow":["GET"]}}],"collection":[{"href":"https:\/\/newsocialinitiative.org\/sq\/wp-json\/wp\/v2\/posts"}],"about":[{"href":"https:\/\/newsocialinitiative.org\/sq\/wp-json\/wp\/v2\/types\/post"}],"author":[{"embeddable":true,"href":"https:\/\/newsocialinitiative.org\/sq\/wp-json\/wp\/v2\/users\/2"}],"replies":[{"embeddable":true,"href":"https:\/\/newsocialinitiative.org\/sq\/wp-json\/wp\/v2\/comments?post=24764"}],"version-history":[{"count":0,"href":"https:\/\/newsocialinitiative.org\/sq\/wp-json\/wp\/v2\/posts\/24764\/revisions"}],"wp:featuredmedia":[{"embeddable":true,"href":"https:\/\/newsocialinitiative.org\/sq\/wp-json\/wp\/v2\/media\/24769"}],"wp:attachment":[{"href":"https:\/\/newsocialinitiative.org\/sq\/wp-json\/wp\/v2\/media?parent=24764"}],"wp:term":[{"taxonomy":"category","embeddable":true,"href":"https:\/\/newsocialinitiative.org\/sq\/wp-json\/wp\/v2\/categories?post=24764"},{"taxonomy":"post_tag","embeddable":true,"href":"https:\/\/newsocialinitiative.org\/sq\/wp-json\/wp\/v2\/tags?post=24764"}],"curies":[{"name":"wp","href":"https:\/\/api.w.org\/{rel}","templated":true}]}}