{"id":24699,"date":"2021-01-24T16:52:00","date_gmt":"2021-01-24T15:52:00","guid":{"rendered":"https:\/\/newsocialinitiative.org\/perspektiva-e-qytetareve-per-nje-strategji-te-ardhshme-per-drejtesine-tranzicionale-ne-kosove\/"},"modified":"2022-10-05T11:01:20","modified_gmt":"2022-10-05T09:01:20","slug":"perspektiva-e-qytetareve-per-nje-strategji-te-ardhshme-per-drejtesine-tranzicionale-ne-kosove","status":"publish","type":"post","link":"https:\/\/newsocialinitiative.org\/sq\/perspektiva-e-qytetareve-per-nje-strategji-te-ardhshme-per-drejtesine-tranzicionale-ne-kosove\/","title":{"rendered":"Perspektiva e Qytetar\u00ebve p\u00ebr nj\u00eb Strategji t\u00eb Ardhshme p\u00ebr Drejt\u00ebsin\u00eb Tranzicionale n\u00eb Kosov\u00eb"},"content":{"rendered":"\n<h2 class=\"wp-block-heading\">Perspektiva e Qytetar\u00ebve p\u00ebr nj\u00eb Strategji t\u00eb Ardhshme p\u00ebr Drejt\u00ebsin\u00eb Tranzicionale n\u00eb Kosov\u00eb<\/h2>\n\n\n\n<p>Ky raport synon t\u00eb sjell\u00eb perspektiv\u00ebn e qytetar\u00ebve t\u00eb Kosov\u00ebs mbi drejt\u00ebsin\u00eb tranzicionale dhe ballafaqimin me t\u00eb kaluar\u00ebn, e cila duhet t\u00eb merret parasysh kur hartohet nj\u00eb strategji e ardhshme komb\u00ebtare p\u00ebr drejt\u00ebsin\u00eb tranzicionale. Nd\u00ebrsa studimi nuk ofron nj\u00eb model se si duhet t\u00eb duket strategjia e ardhshme p\u00ebr drejt\u00ebsin\u00eb tranzicionale, ai ofron nj\u00eb p\u00ebrmbledhje t\u00eb q\u00ebllimeve, p\u00ebrpar\u00ebsive dhe \u00e7\u00ebshtjeve m\u00eb t\u00eb spikatura q\u00eb qytetar\u00ebt n\u00eb Kosov\u00eb i konsiderojn\u00eb si thelb\u00ebsore p\u00ebr tu adresuar dhe p\u00ebrfshir\u00eb n\u00eb strategji. Raporti duhet t\u00eb lexohet si nj\u00eb plot\u00ebsim i studimit t\u00eb botuar m\u00eb par\u00eb me titull \u201cDemokratizimi i Drejt\u00ebsis\u00eb Tranzicionale n\u00eb Kosov\u00eb\u201d (maj 2020), i cili ofron nj\u00eb rishikim t\u00eb holl\u00ebsish\u00ebm t\u00eb nismave t\u00eb kaluara t\u00eb drejt\u00ebsis\u00eb tranzicionale n\u00eb Kosov\u00eb dhe propozoi nj\u00eb qasje me kat\u00ebr hapa p\u00ebr zhvillimin e nj\u00eb infrastrukture institucionale p\u00ebr ballafaqimin me t\u00eb kaluar\u00ebn n\u00eb Kosov\u00eb.<\/p>\n\n\n\n<p>Ky raport \u00ebsht\u00eb prodhuar si pjes\u00eb e nj\u00eb projekti 12-mujor \u201cKorniza e Shoq\u00ebris\u00eb Civile p\u00ebr nj\u00eb Strategji Komb\u00ebtare p\u00ebr Ballafaqimin me t\u00eb Kaluar\u00ebn n\u00eb Kosov\u00eb\u201d, zbatuar nga Iniciativa e Re Sociale, Integra dhe PAX, financuar nga Ambasada Amerikane n\u00eb Prishtin\u00eb dhe bashk\u00eb -financuar nga PAX.<\/p>\n\n\n\n<p><em>Autor nga Dr. G\u00ebzim Visoka dhe Besart Lumi.<\/em><\/p>\n","protected":false},"excerpt":{"rendered":"<p>Perspektiva e Qytetar\u00ebve p\u00ebr nj\u00eb Strategji t\u00eb Ardhshme p\u00ebr Drejt\u00ebsin\u00eb Tranzicionale n\u00eb Kosov\u00eb Ky raport synon t\u00eb sjell\u00eb perspektiv\u00ebn e qytetar\u00ebve t\u00eb Kosov\u00ebs mbi drejt\u00ebsin\u00eb tranzicionale dhe ballafaqimin me t\u00eb kaluar\u00ebn, e cila duhet t\u00eb merret parasysh kur hartohet nj\u00eb strategji e ardhshme komb\u00ebtare p\u00ebr&#8230;<\/p>\n","protected":false},"author":2,"featured_media":24701,"comment_status":"open","ping_status":"open","sticky":false,"template":"","format":"standard","meta":{"footnotes":"","_links_to":"","_links_to_target":""},"categories":[144,128],"tags":[],"class_list":["post-24699","post","type-post","status-publish","format-standard","has-post-thumbnail","hentry","category-fasilitimi-i-shoqerise-civileper-zhvillimin-e-strategjise-kombetare-me-ne-qender-qytetarin-per-drejtesine-tranzicionale-ne-kosove","category-publications-sq"],"acf":[],"_links":{"self":[{"href":"https:\/\/newsocialinitiative.org\/sq\/wp-json\/wp\/v2\/posts\/24699","targetHints":{"allow":["GET"]}}],"collection":[{"href":"https:\/\/newsocialinitiative.org\/sq\/wp-json\/wp\/v2\/posts"}],"about":[{"href":"https:\/\/newsocialinitiative.org\/sq\/wp-json\/wp\/v2\/types\/post"}],"author":[{"embeddable":true,"href":"https:\/\/newsocialinitiative.org\/sq\/wp-json\/wp\/v2\/users\/2"}],"replies":[{"embeddable":true,"href":"https:\/\/newsocialinitiative.org\/sq\/wp-json\/wp\/v2\/comments?post=24699"}],"version-history":[{"count":1,"href":"https:\/\/newsocialinitiative.org\/sq\/wp-json\/wp\/v2\/posts\/24699\/revisions"}],"predecessor-version":[{"id":29550,"href":"https:\/\/newsocialinitiative.org\/sq\/wp-json\/wp\/v2\/posts\/24699\/revisions\/29550"}],"wp:featuredmedia":[{"embeddable":true,"href":"https:\/\/newsocialinitiative.org\/sq\/wp-json\/wp\/v2\/media\/24701"}],"wp:attachment":[{"href":"https:\/\/newsocialinitiative.org\/sq\/wp-json\/wp\/v2\/media?parent=24699"}],"wp:term":[{"taxonomy":"category","embeddable":true,"href":"https:\/\/newsocialinitiative.org\/sq\/wp-json\/wp\/v2\/categories?post=24699"},{"taxonomy":"post_tag","embeddable":true,"href":"https:\/\/newsocialinitiative.org\/sq\/wp-json\/wp\/v2\/tags?post=24699"}],"curies":[{"name":"wp","href":"https:\/\/api.w.org\/{rel}","templated":true}]}}