{"id":31250,"date":"2023-04-06T16:30:44","date_gmt":"2023-04-06T14:30:44","guid":{"rendered":"https:\/\/newsocialinitiative.org\/?post_type=news&#038;p=31250"},"modified":"2023-04-06T17:47:43","modified_gmt":"2023-04-06T15:47:43","slug":"thirrje-per-ide-inovative-merrni-pjese-ne-sfiden-e-dyte-ltl","status":"publish","type":"news","link":"https:\/\/newsocialinitiative.org\/sq\/news\/thirrje-per-ide-inovative-merrni-pjese-ne-sfiden-e-dyte-ltl\/","title":{"rendered":"Thirrje p\u00ebr ide inovative: Merrni pjes\u00eb n\u00eb sfid\u00ebn e dyt\u00eb #LTL."},"content":{"rendered":"\n<p>Iniciativa e Re Sociale (NSI) \u00ebsht\u00eb e lumtur p\u00ebr t\u00eb njoftuar fillimin e  #<strong>Sid\u00ebsLTL<\/strong>, nj\u00eb thirrje e hapur p\u00ebr qytetar\u00ebt, organizatat e shoq\u00ebris\u00eb civile dhe grupet joformale q\u00eb t\u00eb paraqesin propozime inovative p\u00ebr t\u00eb zgjidhur problemet n\u00eb komunitetet e tyre lokale. P\u00ebr t&#8217;u frym\u00ebzuar, shikoni disa nga iniciativat q\u00eb kemi mb\u00ebshtetur n\u00eb <a href=\"https:\/\/www.instagram.com\/ltlkosovo\/\" target=\"_blank\" rel=\"noopener\">@ltlkosovo<\/a>.<br><br>MBLIDHNI EKIPIN dhe regjistrohuni n\u00eb #Sfid\u00ebnLTL, ne duam t\u00eb mb\u00ebshtesim iden\u00eb tuaj!<\/p>\n\n\n\n<p><strong>\u00c7far\u00eb \u00ebsht\u00eb #SFIDALTL?<\/strong><\/p>\n\n\n\n<p>#SfidaLTL \u00ebsht\u00eb nj\u00eb iniciativ\u00eb e destinuar kryesisht p\u00ebr grupet e qytetar\u00ebve q\u00eb nuk duan t\u00eb jen\u00eb v\u00ebzhgues pasiv t\u00eb problemeve n\u00eb komunitetet e tyre lokale, por jan\u00eb t\u00eb gatsh\u00ebm t\u00eb ofrojn\u00eb ide dhe zgjidhje.<\/p>\n\n\n\n<p><strong>Kush mund t\u00eb aplikoj\u00eb?<\/strong><\/p>\n\n\n\n<p>Inkurajojm\u00eb organizatat e shoq\u00ebris\u00eb civile, individ\u00ebt aktiv\u00eb t\u00eb shoq\u00ebris\u00eb dhe novator\u00eb t\u00eb p\u00ebrfshir\u00eb n\u00eb pun\u00ebn e organizatave joqeveritare, ose qytetar\u00ebt q\u00eb jan\u00eb t\u00eb vet\u00ebdijsh\u00ebm p\u00ebr problemet n\u00eb komunitetin e tyre lokal dhe t\u00eb gatsh\u00ebm p\u00ebr t\u00eb marr\u00eb gj\u00ebrat n\u00eb duart e tyre, t\u00eb aplikojn\u00eb p\u00ebr #LTLChallenge. P\u00ebr t\u00eb fituar #LTLChallenge dhe p\u00ebr t\u00eb marr\u00eb mb\u00ebshtetjen, duhet t\u00eb dor\u00ebzoni aplikacionin tuaj deri m\u00eb 8 maj 2023.<\/p>\n\n\n\n<p>P\u00ebr t&#8217;u kualifikuar, duhet t\u00eb plot\u00ebsoni k\u00ebrkesat e m\u00ebposhtme:<\/p>\n\n\n\n<ul class=\"wp-block-list\">\n<li>Ekipa t\u00eb p\u00ebrb\u00ebhet nga t\u00eb pakt\u00ebn kat\u00ebr an\u00ebtar\u00eb.<\/li>\n\n\n\n<li>T\u00eb gjith\u00eb an\u00ebtar\u00ebt e ekipit duhet t\u00eb jen\u00eb midis 16 dhe 60 vje\u00e7.<\/li>\n\n\n\n<li>An\u00ebtar\u00ebt e ekipit duhet t\u00eb motivohen p\u00ebr t\u00eb marr\u00eb pjes\u00eb n\u00eb #Sfid\u00ebnLTL.<\/li>\n\n\n\n<li>Ju duhet t\u00eb keni nj\u00eb d\u00ebshir\u00eb p\u00ebr t\u00eb kontribuar n\u00eb nd\u00ebrtimin e nj\u00eb mjedisi m\u00eb t\u00eb mir\u00eb p\u00ebr familjen, miqt\u00eb, fqinj\u00ebt dhe bashk\u00ebqytetar\u00ebt.<\/li>\n\n\n\n<li>Ju duhet t\u00eb keni nj\u00eb ide se si ta b\u00ebni at\u00eb.<\/li>\n<\/ul>\n\n\n\n<p>Propozimet dhe idet\u00eb do t\u00eb shqyrtohen n\u00ebse plot\u00ebsojn\u00eb kushtet e m\u00ebposhtme:<\/p>\n\n\n\n<ul class=\"wp-block-list\">\n<li>Nisma juaj do t\u00eb zbatohet brenda nj\u00eb periudhe 3 mujore.<\/li>\n\n\n\n<li>Nisma juaj \u00ebsht\u00eb e qart\u00eb dhe konkrete, me q\u00ebllime dhe rezultate t\u00eb dukshme.<\/li>\n<\/ul>\n\n\n\n<p>Idet\u00eb duhet t\u00eb adresojn\u00eb sfidat nga komuniteti, por ato nuk duhet t\u00eb kufizohen n\u00eb fushat e m\u00ebposhtme:<\/p>\n\n\n\n<ul class=\"wp-block-list\">\n<li>Riform\u00ebsimi i hap\u00ebsirave publike lokale<\/li>\n\n\n\n<li>Ekologjia<\/li>\n\n\n\n<li>Kultura<\/li>\n\n\n\n<li>Sporti<\/li>\n\n\n\n<li>Vullnetarizmi<\/li>\n<\/ul>\n\n\n\n<p><strong>Ju lutemi vini re se iniciativave q\u00eb trajtojn\u00eb \u00e7\u00ebshtje m\u00eb t\u00eb gjera t\u00eb komunitetit, ekipeve multietnike dhe aplikant\u00ebve p\u00ebr her\u00eb t\u00eb par\u00eb do t&#8217;u jepet p\u00ebrpar\u00ebsi.<\/strong><\/p>\n\n\n\n<p><strong>Si t\u00eb aplikoni?<\/strong><\/p>\n\n\n\n<p>P\u00ebr t\u00eb aplikuar, ju lutemi plot\u00ebsoni formular\u00ebt e aplikimit dhe buxhetit p\u00ebr #LTLCchallenge, t\u00eb cilat jan\u00eb t\u00eb disponueshme n\u00eb&nbsp; faqen ton\u00eb t\u00eb internetit.<\/p>\n\n\n\n<p><strong><a href=\"https:\/\/newsocialinitiative.org\/wp-content\/uploads\/2023\/04\/Formulari-i-aplikimit-per-SidenLTL.docx\">Formulari i aplikimit p\u00ebr Sid\u00ebnLTL<\/a><\/strong><\/p>\n\n\n\n<p><a href=\"https:\/\/newsocialinitiative.org\/wp-content\/uploads\/2023\/04\/Formulari-i-buxhetit-per-SidenLTL.xlsx\"><strong>Formulari i buxhetit<\/strong> <strong>p\u00ebr<\/strong> <strong>Sid\u00ebnLTL<\/strong><\/a><\/p>\n\n\n\n<p>T\u00eb gjitha aplikimet duhet t\u00eb dor\u00ebzohen n\u00eb office@newsocialinitiative.org me titullin &#8220;Application for #LTLChallenge2_Emri i nism\u00ebs&#8221;. Ju lutemi vini re se shuma maksimale e buxhetit p\u00ebr projekt \u00ebsht\u00eb 2.000,00 \u20ac.<\/p>\n\n\n\n<p>Shikoni udh\u00ebzimet m\u00eb posht\u00eb p\u00ebr t\u00eb marr\u00eb m\u00eb shum\u00eb informacion rreth LTLChallange<\/p>\n\n\n\n<p><strong><a href=\"https:\/\/newsocialinitiative.org\/wp-content\/uploads\/2023\/04\/Udhezimet-e-SidesLTL-1.pdf\">Udh\u00ebzimet e #<strong>Sid\u00ebsLTL<\/strong><\/a><\/strong><\/p>\n","protected":false},"excerpt":{"rendered":"<p>Iniciativa e Re Sociale (NSI) \u00ebsht\u00eb e lumtur p\u00ebr t\u00eb njoftuar fillimin e #Sid\u00ebsLTL, nj\u00eb thirrje e hapur p\u00ebr qytetar\u00ebt, organizatat e shoq\u00ebris\u00eb civile dhe grupet joformale q\u00eb t\u00eb paraqesin propozime inovative p\u00ebr t\u00eb zgjidhur problemet n\u00eb komunitetet e tyre lokale. P\u00ebr t&#8217;u frym\u00ebzuar, shikoni&#8230;<\/p>\n","protected":false},"author":3,"featured_media":31232,"parent":0,"comment_status":"open","ping_status":"closed","template":"","meta":{"_links_to":"","_links_to_target":""},"categories":[],"class_list":["post-31250","news","type-news","status-publish","has-post-thumbnail","hentry"],"acf":[],"_links":{"self":[{"href":"https:\/\/newsocialinitiative.org\/sq\/wp-json\/wp\/v2\/news\/31250","targetHints":{"allow":["GET"]}}],"collection":[{"href":"https:\/\/newsocialinitiative.org\/sq\/wp-json\/wp\/v2\/news"}],"about":[{"href":"https:\/\/newsocialinitiative.org\/sq\/wp-json\/wp\/v2\/types\/news"}],"author":[{"embeddable":true,"href":"https:\/\/newsocialinitiative.org\/sq\/wp-json\/wp\/v2\/users\/3"}],"replies":[{"embeddable":true,"href":"https:\/\/newsocialinitiative.org\/sq\/wp-json\/wp\/v2\/comments?post=31250"}],"version-history":[{"count":4,"href":"https:\/\/newsocialinitiative.org\/sq\/wp-json\/wp\/v2\/news\/31250\/revisions"}],"predecessor-version":[{"id":31291,"href":"https:\/\/newsocialinitiative.org\/sq\/wp-json\/wp\/v2\/news\/31250\/revisions\/31291"}],"wp:featuredmedia":[{"embeddable":true,"href":"https:\/\/newsocialinitiative.org\/sq\/wp-json\/wp\/v2\/media\/31232"}],"wp:attachment":[{"href":"https:\/\/newsocialinitiative.org\/sq\/wp-json\/wp\/v2\/media?parent=31250"}],"wp:term":[{"taxonomy":"category","embeddable":true,"href":"https:\/\/newsocialinitiative.org\/sq\/wp-json\/wp\/v2\/categories?post=31250"}],"curies":[{"name":"wp","href":"https:\/\/api.w.org\/{rel}","templated":true}]}}